{"id":6743,"date":"2025-05-22T12:00:08","date_gmt":"2025-05-22T10:00:08","guid":{"rendered":"https:\/\/ussaintberthevinfootball.com\/?p=6743"},"modified":"2026-03-09T11:45:23","modified_gmt":"2026-03-09T10:45:23","slug":"depart-de-yoann-gesbert","status":"publish","type":"post","link":"https:\/\/ussaintberthevinfootball.com\/index.php\/2025\/05\/22\/depart-de-yoann-gesbert\/","title":{"rendered":"D\u00e9part de Yoann Gesbert"},"content":{"rendered":"\n<p>L\u2019US Saint-Berthevin tient \u00e0 remercier Yoann Gesbert pour les 5 ann\u00e9es pass\u00e9es au club \ud83d\ude4f<\/p>\n\n\n\n<p>Yoann a ramen\u00e9 l\u2019USSB au niveau r\u00e9gional et consolid\u00e9 le p\u00f4le seniors. Tu feras toujours partie de la famille&nbsp;\ud83d\udfe2\u26ab Yo !<\/p>\n\n\n\n<p>Nous en profitons pour vous annoncer l\u2019arriv\u00e9e de Martin G\u00e9gu qui accompagnera Joachim Courtin \u00e0 la t\u00eate de l\u2019\u00e9quipe premi\u00e8re. Bienvenue Martin<\/p>\n\n\n\n<figure class=\"wp-block-image aligncenter size-large\"><img fetchpriority=\"high\" decoding=\"async\" width=\"819\" height=\"1024\" src=\"https:\/\/ussaintberthevinfootball.com\/wp-content\/uploads\/2025\/05\/Depart-Y.GESBERT-819x1024.jpg\" alt=\"\" class=\"wp-image-6745\" srcset=\"https:\/\/ussaintberthevinfootball.com\/wp-content\/uploads\/2025\/05\/Depart-Y.GESBERT-819x1024.jpg 819w, https:\/\/ussaintberthevinfootball.com\/wp-content\/uploads\/2025\/05\/Depart-Y.GESBERT-240x300.jpg 240w, https:\/\/ussaintberthevinfootball.com\/wp-content\/uploads\/2025\/05\/Depart-Y.GESBERT-768x960.jpg 768w, https:\/\/ussaintberthevinfootball.com\/wp-content\/uploads\/2025\/05\/Depart-Y.GESBERT-1228x1536.jpg 1228w, https:\/\/ussaintberthevinfootball.com\/wp-content\/uploads\/2025\/05\/Depart-Y.GESBERT-102x128.jpg 102w, https:\/\/ussaintberthevinfootball.com\/wp-content\/uploads\/2025\/05\/Depart-Y.GESBERT-26x32.jpg 26w, https:\/\/ussaintberthevinfootball.com\/wp-content\/uploads\/2025\/05\/Depart-Y.GESBERT.jpg 1350w\" sizes=\"(max-width: 819px) 100vw, 819px\" \/><\/figure>\n\n\n\n<p><\/p>\n","protected":false},"excerpt":{"rendered":"<p>L\u2019US Saint-Berthevin tient \u00e0 remercier Yoann Gesbert pour les 5 ann\u00e9es pass\u00e9es au club \ud83d\ude4f Yoann a ramen\u00e9 l\u2019USSB au niveau r\u00e9gional et consolid\u00e9 le p\u00f4le seniors. Tu feras toujours partie de la famille&nbsp;\ud83d\udfe2\u26ab Yo ! Nous en profitons pour vous annoncer l\u2019arriv\u00e9e de Martin G\u00e9gu qui accompagnera Joachim Courtin \u00e0 la t\u00eate de l\u2019\u00e9quipe [&hellip;]<\/p>\n","protected":false},"author":1,"featured_media":6745,"comment_status":"closed","ping_status":"closed","sticky":false,"template":"","format":"standard","meta":{"_uag_custom_page_level_css":"","site-sidebar-layout":"default","site-content-layout":"","ast-site-content-layout":"normal-width-container","site-content-style":"default","site-sidebar-style":"default","ast-global-header-display":"","ast-banner-title-visibility":"","ast-main-header-display":"","ast-hfb-above-header-display":"","ast-hfb-below-header-display":"","ast-hfb-mobile-header-display":"","site-post-title":"","ast-breadcrumbs-content":"","ast-featured-img":"","footer-sml-layout":"","ast-disable-related-posts":"","theme-transparent-header-meta":"","adv-header-id-meta":"","stick-header-meta":"","header-above-stick-meta":"","header-main-stick-meta":"","header-below-stick-meta":"","astra-migrate-meta-layouts":"default","ast-page-background-enabled":"default","ast-page-background-meta":{"desktop":{"background-color":"var(--ast-global-color-4)","background-image":"","background-repeat":"repeat","background-position":"center center","background-size":"auto","background-attachment":"scroll","background-type":"","background-media":"","overlay-type":"","overlay-color":"","overlay-opacity":"","overlay-gradient":""},"tablet":{"background-color":"","background-image":"","background-repeat":"repeat","background-position":"center center","background-size":"auto","background-attachment":"scroll","background-type":"","background-media":"","overlay-type":"","overlay-color":"","overlay-opacity":"","overlay-gradient":""},"mobile":{"background-color":"","background-image":"","background-repeat":"repeat","background-position":"center center","background-size":"auto","background-attachment":"scroll","background-type":"","background-media":"","overlay-type":"","overlay-color":"","overlay-opacity":"","overlay-gradient":""}},"ast-content-background-meta":{"desktop":{"background-color":"var(--ast-global-color-5)","background-image":"","background-repeat":"repeat","background-position":"center center","background-size":"auto","background-attachment":"scroll","background-type":"","background-media":"","overlay-type":"","overlay-color":"","overlay-opacity":"","overlay-gradient":""},"tablet":{"background-color":"var(--ast-global-color-5)","background-image":"","background-repeat":"repeat","background-position":"center center","background-size":"auto","background-attachment":"scroll","background-type":"","background-media":"","overlay-type":"","overlay-color":"","overlay-opacity":"","overlay-gradient":""},"mobile":{"background-color":"var(--ast-global-color-5)","background-image":"","background-repeat":"repeat","background-position":"center center","background-size":"auto","background-attachment":"scroll","background-type":"","background-media":"","overlay-type":"","overlay-color":"","overlay-opacity":"","overlay-gradient":""}},"footnotes":""},"categories":[1],"tags":[],"class_list":["post-6743","post","type-post","status-publish","format-standard","has-post-thumbnail","hentry","category-news"],"uagb_featured_image_src":{"full":["https:\/\/ussaintberthevinfootball.com\/wp-content\/uploads\/2025\/05\/Depart-Y.GESBERT.jpg",1350,1688,false],"thumbnail":["https:\/\/ussaintberthevinfootball.com\/wp-content\/uploads\/2025\/05\/Depart-Y.GESBERT-150x150.jpg",150,150,true],"medium":["https:\/\/ussaintberthevinfootball.com\/wp-content\/uploads\/2025\/05\/Depart-Y.GESBERT-240x300.jpg",240,300,true],"medium_large":["https:\/\/ussaintberthevinfootball.com\/wp-content\/uploads\/2025\/05\/Depart-Y.GESBERT-768x960.jpg",768,960,true],"large":["https:\/\/ussaintberthevinfootball.com\/wp-content\/uploads\/2025\/05\/Depart-Y.GESBERT-819x1024.jpg",819,1024,true],"1536x1536":["https:\/\/ussaintberthevinfootball.com\/wp-content\/uploads\/2025\/05\/Depart-Y.GESBERT-1228x1536.jpg",1228,1536,true],"2048x2048":["https:\/\/ussaintberthevinfootball.com\/wp-content\/uploads\/2025\/05\/Depart-Y.GESBERT.jpg",1350,1688,false]},"uagb_author_info":{"display_name":"ussbfootball53","author_link":"https:\/\/ussaintberthevinfootball.com\/index.php\/author\/ussbfootball53\/"},"uagb_comment_info":0,"uagb_excerpt":"L\u2019US Saint-Berthevin tient \u00e0 remercier Yoann Gesbert pour les 5 ann\u00e9es pass\u00e9es au club \ud83d\ude4f Yoann a ramen\u00e9 l\u2019USSB au niveau r\u00e9gional et consolid\u00e9 le p\u00f4le seniors. Tu feras toujours partie de la famille&nbsp;\ud83d\udfe2\u26ab Yo ! Nous en profitons pour vous annoncer l\u2019arriv\u00e9e de Martin G\u00e9gu qui accompagnera Joachim Courtin \u00e0 la t\u00eate de l\u2019\u00e9quipe\u2026","_links":{"self":[{"href":"https:\/\/ussaintberthevinfootball.com\/index.php\/wp-json\/wp\/v2\/posts\/6743","targetHints":{"allow":["GET"]}}],"collection":[{"href":"https:\/\/ussaintberthevinfootball.com\/index.php\/wp-json\/wp\/v2\/posts"}],"about":[{"href":"https:\/\/ussaintberthevinfootball.com\/index.php\/wp-json\/wp\/v2\/types\/post"}],"author":[{"embeddable":true,"href":"https:\/\/ussaintberthevinfootball.com\/index.php\/wp-json\/wp\/v2\/users\/1"}],"replies":[{"embeddable":true,"href":"https:\/\/ussaintberthevinfootball.com\/index.php\/wp-json\/wp\/v2\/comments?post=6743"}],"version-history":[{"count":4,"href":"https:\/\/ussaintberthevinfootball.com\/index.php\/wp-json\/wp\/v2\/posts\/6743\/revisions"}],"predecessor-version":[{"id":10270,"href":"https:\/\/ussaintberthevinfootball.com\/index.php\/wp-json\/wp\/v2\/posts\/6743\/revisions\/10270"}],"wp:featuredmedia":[{"embeddable":true,"href":"https:\/\/ussaintberthevinfootball.com\/index.php\/wp-json\/wp\/v2\/media\/6745"}],"wp:attachment":[{"href":"https:\/\/ussaintberthevinfootball.com\/index.php\/wp-json\/wp\/v2\/media?parent=6743"}],"wp:term":[{"taxonomy":"category","embeddable":true,"href":"https:\/\/ussaintberthevinfootball.com\/index.php\/wp-json\/wp\/v2\/categories?post=6743"},{"taxonomy":"post_tag","embeddable":true,"href":"https:\/\/ussaintberthevinfootball.com\/index.php\/wp-json\/wp\/v2\/tags?post=6743"}],"curies":[{"name":"wp","href":"https:\/\/api.w.org\/{rel}","templated":true}]}}