{"id":5312,"date":"2025-08-12T09:00:08","date_gmt":"2025-08-12T07:00:08","guid":{"rendered":"https:\/\/ussaintberthevinfootball.com\/?p=5312"},"modified":"2025-10-24T17:03:08","modified_gmt":"2025-10-24T15:03:08","slug":"nouveaux-salaries","status":"publish","type":"post","link":"https:\/\/ussaintberthevinfootball.com\/index.php\/2025\/08\/12\/nouveaux-salaries\/","title":{"rendered":"\u00c9volution de l\u2019\u00e9quipe technique et cr\u00e9ation d&rsquo;un deuxi\u00e8me poste salari\u00e9"},"content":{"rendered":"\n<p>Apr\u00e8s trois saisons au club, <strong>Quentin BLAY,<\/strong> notre salari\u00e9 en charge de la responsabilit\u00e9 technique jeunes depuis 2022, a d\u00e9cid\u00e9 de quitter le club. Nous tenons \u00e0 <strong>le remercier chaleureusement pour son engagement<\/strong>, la qualit\u00e9 de son travail et sa participation active aux nombreux projets men\u00e9s durant ces trois ann\u00e9es.<\/p>\n\n\n\n<p>Pour lui succ\u00e9der, nous avons le plaisir d\u2019accueillir <strong>G\u00e9rald DUPR\u00c9,<\/strong> qui prendra le relais en tant que responsable sportif \u201cJeunes\u201d. Son exp\u00e9rience et son implication seront de pr\u00e9cieux atouts pour accompagner la progression de nos jeunes licenci\u00e9s.<\/p>\n\n\n\n<p>Dans le cadre de notre d\u00e9veloppement et de la structuration continue du club, nous avons d\u00e9cid\u00e9 de cr\u00e9er <strong>un deuxi\u00e8me poste salari\u00e9<\/strong> \u00e0 compter de la saison 2025\/2026. Ce poste est confi\u00e9 \u00e0 <strong>Corentin BERNARD,<\/strong> titulaire du Brevet de Moniteur de Football (BMF). Il aura pour principales missions :<\/p>\n\n\n\n<ul class=\"wp-block-list\">\n<li>La coordination de l\u2019\u00c9cole de Foot,<\/li>\n\n\n\n<li>Le d\u00e9veloppement du football f\u00e9minin.<\/li>\n<\/ul>\n\n\n\n<p>Cette \u00e9volution marque une nouvelle \u00e9tape dans la professionnalisation de notre club, avec pour objectifs :<\/p>\n\n\n\n<ul class=\"wp-block-list\">\n<li>d\u2019am\u00e9liorer l\u2019organisation et le suivi des projets,<\/li>\n\n\n\n<li>de r\u00e9pondre aux besoins croissants du club,<\/li>\n\n\n\n<li>de renforcer l\u2019encadrement de nos jeunes pratiquants<\/li>\n<\/ul>\n\n\n\n<p>Nous sommes <strong>fiers<\/strong> de franchir ce cap <strong>structurant <\/strong>pour <strong>l\u2019avenir <\/strong>de notre club, et nous remercions l\u2019ensemble des partenaires, membres et b\u00e9n\u00e9voles qui rendent cela possible.<\/p>\n\n\n\n<div class=\"wp-block-columns is-layout-flex wp-container-core-columns-is-layout-28f84493 wp-block-columns-is-layout-flex\">\n<div class=\"wp-block-column is-layout-flow wp-block-column-is-layout-flow\">\n<figure class=\"wp-block-image aligncenter size-full is-resized is-style-rounded\"><img fetchpriority=\"high\" decoding=\"async\" width=\"369\" height=\"387\" src=\"https:\/\/ussaintberthevinfootball.com\/wp-content\/uploads\/2025\/09\/20250623_2127283-e1758542419423.jpg\" alt=\"\" class=\"wp-image-5224\" style=\"width:196px;height:auto\" srcset=\"https:\/\/ussaintberthevinfootball.com\/wp-content\/uploads\/2025\/09\/20250623_2127283-e1758542419423.jpg 369w, https:\/\/ussaintberthevinfootball.com\/wp-content\/uploads\/2025\/09\/20250623_2127283-e1758542419423-286x300.jpg 286w, https:\/\/ussaintberthevinfootball.com\/wp-content\/uploads\/2025\/09\/20250623_2127283-e1758542419423-122x128.jpg 122w\" sizes=\"(max-width: 369px) 100vw, 369px\" \/><figcaption class=\"wp-element-caption\"><strong>G\u00e9rald DUPRE<\/strong><\/figcaption><\/figure>\n<\/div>\n\n\n\n<div class=\"wp-block-column is-layout-flow wp-block-column-is-layout-flow\">\n<figure class=\"wp-block-image aligncenter size-full is-resized is-style-rounded\"><img decoding=\"async\" width=\"357\" height=\"375\" src=\"https:\/\/ussaintberthevinfootball.com\/wp-content\/uploads\/2025\/09\/20250623_2127184-e1758542389486.jpg\" alt=\"\" class=\"wp-image-5227\" style=\"width:197px;height:auto\" srcset=\"https:\/\/ussaintberthevinfootball.com\/wp-content\/uploads\/2025\/09\/20250623_2127184-e1758542389486.jpg 357w, https:\/\/ussaintberthevinfootball.com\/wp-content\/uploads\/2025\/09\/20250623_2127184-e1758542389486-286x300.jpg 286w, https:\/\/ussaintberthevinfootball.com\/wp-content\/uploads\/2025\/09\/20250623_2127184-e1758542389486-122x128.jpg 122w, https:\/\/ussaintberthevinfootball.com\/wp-content\/uploads\/2025\/09\/20250623_2127184-e1758542389486-30x32.jpg 30w\" sizes=\"(max-width: 357px) 100vw, 357px\" \/><figcaption class=\"wp-element-caption\"><strong>Corentin BERNARD<\/strong><\/figcaption><\/figure>\n<\/div>\n<\/div>\n","protected":false},"excerpt":{"rendered":"<p>Apr\u00e8s trois saisons au club, Quentin BLAY, notre salari\u00e9 en charge de la responsabilit\u00e9 technique jeunes depuis 2022, a d\u00e9cid\u00e9 de quitter le club. Nous tenons \u00e0 le remercier chaleureusement pour son engagement, la qualit\u00e9 de son travail et sa participation active aux nombreux projets men\u00e9s durant ces trois ann\u00e9es. Pour lui succ\u00e9der, nous avons [&hellip;]<\/p>\n","protected":false},"author":1,"featured_media":5221,"comment_status":"closed","ping_status":"closed","sticky":false,"template":"","format":"standard","meta":{"_uag_custom_page_level_css":"","site-sidebar-layout":"default","site-content-layout":"","ast-site-content-layout":"normal-width-container","site-content-style":"default","site-sidebar-style":"default","ast-global-header-display":"","ast-banner-title-visibility":"","ast-main-header-display":"","ast-hfb-above-header-display":"","ast-hfb-below-header-display":"","ast-hfb-mobile-header-display":"","site-post-title":"","ast-breadcrumbs-content":"","ast-featured-img":"disabled","footer-sml-layout":"","ast-disable-related-posts":"","theme-transparent-header-meta":"","adv-header-id-meta":"","stick-header-meta":"","header-above-stick-meta":"","header-main-stick-meta":"","header-below-stick-meta":"","astra-migrate-meta-layouts":"default","ast-page-background-enabled":"default","ast-page-background-meta":{"desktop":{"background-color":"var(--ast-global-color-4)","background-image":"","background-repeat":"repeat","background-position":"center center","background-size":"auto","background-attachment":"scroll","background-type":"","background-media":"","overlay-type":"","overlay-color":"","overlay-opacity":"","overlay-gradient":""},"tablet":{"background-color":"","background-image":"","background-repeat":"repeat","background-position":"center center","background-size":"auto","background-attachment":"scroll","background-type":"","background-media":"","overlay-type":"","overlay-color":"","overlay-opacity":"","overlay-gradient":""},"mobile":{"background-color":"","background-image":"","background-repeat":"repeat","background-position":"center center","background-size":"auto","background-attachment":"scroll","background-type":"","background-media":"","overlay-type":"","overlay-color":"","overlay-opacity":"","overlay-gradient":""}},"ast-content-background-meta":{"desktop":{"background-color":"var(--ast-global-color-5)","background-image":"","background-repeat":"repeat","background-position":"center center","background-size":"auto","background-attachment":"scroll","background-type":"","background-media":"","overlay-type":"","overlay-color":"","overlay-opacity":"","overlay-gradient":""},"tablet":{"background-color":"var(--ast-global-color-5)","background-image":"","background-repeat":"repeat","background-position":"center center","background-size":"auto","background-attachment":"scroll","background-type":"","background-media":"","overlay-type":"","overlay-color":"","overlay-opacity":"","overlay-gradient":""},"mobile":{"background-color":"var(--ast-global-color-5)","background-image":"","background-repeat":"repeat","background-position":"center center","background-size":"auto","background-attachment":"scroll","background-type":"","background-media":"","overlay-type":"","overlay-color":"","overlay-opacity":"","overlay-gradient":""}},"footnotes":""},"categories":[1],"tags":[],"class_list":["post-5312","post","type-post","status-publish","format-standard","has-post-thumbnail","hentry","category-news"],"uagb_featured_image_src":{"full":["https:\/\/ussaintberthevinfootball.com\/wp-content\/uploads\/2025\/09\/510912992_18058886183587035_2133445781836706529_n.jpg",1440,1920,false],"thumbnail":["https:\/\/ussaintberthevinfootball.com\/wp-content\/uploads\/2025\/09\/510912992_18058886183587035_2133445781836706529_n-150x150.jpg",150,150,true],"medium":["https:\/\/ussaintberthevinfootball.com\/wp-content\/uploads\/2025\/09\/510912992_18058886183587035_2133445781836706529_n-225x300.jpg",225,300,true],"medium_large":["https:\/\/ussaintberthevinfootball.com\/wp-content\/uploads\/2025\/09\/510912992_18058886183587035_2133445781836706529_n-768x1024.jpg",768,1024,true],"large":["https:\/\/ussaintberthevinfootball.com\/wp-content\/uploads\/2025\/09\/510912992_18058886183587035_2133445781836706529_n-768x1024.jpg",768,1024,true],"1536x1536":["https:\/\/ussaintberthevinfootball.com\/wp-content\/uploads\/2025\/09\/510912992_18058886183587035_2133445781836706529_n-1152x1536.jpg",1152,1536,true],"2048x2048":["https:\/\/ussaintberthevinfootball.com\/wp-content\/uploads\/2025\/09\/510912992_18058886183587035_2133445781836706529_n.jpg",1440,1920,false]},"uagb_author_info":{"display_name":"ussbfootball53","author_link":"https:\/\/ussaintberthevinfootball.com\/index.php\/author\/ussbfootball53\/"},"uagb_comment_info":0,"uagb_excerpt":"Apr\u00e8s trois saisons au club, Quentin BLAY, notre salari\u00e9 en charge de la responsabilit\u00e9 technique jeunes depuis 2022, a d\u00e9cid\u00e9 de quitter le club. Nous tenons \u00e0 le remercier chaleureusement pour son engagement, la qualit\u00e9 de son travail et sa participation active aux nombreux projets men\u00e9s durant ces trois ann\u00e9es. Pour lui succ\u00e9der, nous avons\u2026","_links":{"self":[{"href":"https:\/\/ussaintberthevinfootball.com\/index.php\/wp-json\/wp\/v2\/posts\/5312","targetHints":{"allow":["GET"]}}],"collection":[{"href":"https:\/\/ussaintberthevinfootball.com\/index.php\/wp-json\/wp\/v2\/posts"}],"about":[{"href":"https:\/\/ussaintberthevinfootball.com\/index.php\/wp-json\/wp\/v2\/types\/post"}],"author":[{"embeddable":true,"href":"https:\/\/ussaintberthevinfootball.com\/index.php\/wp-json\/wp\/v2\/users\/1"}],"replies":[{"embeddable":true,"href":"https:\/\/ussaintberthevinfootball.com\/index.php\/wp-json\/wp\/v2\/comments?post=5312"}],"version-history":[{"count":8,"href":"https:\/\/ussaintberthevinfootball.com\/index.php\/wp-json\/wp\/v2\/posts\/5312\/revisions"}],"predecessor-version":[{"id":6413,"href":"https:\/\/ussaintberthevinfootball.com\/index.php\/wp-json\/wp\/v2\/posts\/5312\/revisions\/6413"}],"wp:featuredmedia":[{"embeddable":true,"href":"https:\/\/ussaintberthevinfootball.com\/index.php\/wp-json\/wp\/v2\/media\/5221"}],"wp:attachment":[{"href":"https:\/\/ussaintberthevinfootball.com\/index.php\/wp-json\/wp\/v2\/media?parent=5312"}],"wp:term":[{"taxonomy":"category","embeddable":true,"href":"https:\/\/ussaintberthevinfootball.com\/index.php\/wp-json\/wp\/v2\/categories?post=5312"},{"taxonomy":"post_tag","embeddable":true,"href":"https:\/\/ussaintberthevinfootball.com\/index.php\/wp-json\/wp\/v2\/tags?post=5312"}],"curies":[{"name":"wp","href":"https:\/\/api.w.org\/{rel}","templated":true}]}}